{"id":110,"date":"2008-01-16T15:03:58","date_gmt":"2008-01-16T17:03:58","guid":{"rendered":"http:\/\/notas.arquitectosve.com.ar\/piso-radiante-por-electricidad-110.htm"},"modified":"2010-06-30T19:51:38","modified_gmt":"2010-06-30T19:51:38","slug":"piso-radiante-por-electricidad","status":"publish","type":"post","link":"https:\/\/arquitectosve.com.ar\/notas\/piso-radiante-por-electricidad-110.htm","title":{"rendered":"Piso radiante por electricidad"},"content":{"rendered":"<p><em>Consulta enviada por An\u00edbal<\/em><\/p>\n<p><strong>Pregunta: <\/strong>\u00bfExiste experiencia en la Argentina sobre la calefacci\u00f3n por cable radiante? \u00bfEs cara su colocaci\u00f3n? \u00bfCu\u00e1les son sus beneficios con respecto a la losa radiante?<\/p>\n<p><strong>Respuesta: <\/strong>El sistema de calefacci\u00f3n por cable radiante ya lo utilic\u00e9 en una vivienda para fin de semana, con excelentes resultados. Tiene la ventaja de poder sectorizar el calor con diferentes termostatos -desconectando la calefacci\u00f3n en ciertas habitaciones de la casa poco utilizadas- y a diferencia del piso radiante con ca\u00f1er\u00eda de agua, este sistema tiene una inercia menor, es decir que ante un cambio brusco de temperatura la respuesta es mucho m\u00e1s r\u00e1pida.<\/p>\n","protected":false},"excerpt":{"rendered":"<p>Consulta enviada por An\u00edbal Pregunta: \u00bfExiste experiencia en la Argentina sobre la calefacci\u00f3n por cable radiante? \u00bfEs cara su colocaci\u00f3n? \u00bfCu\u00e1les son sus beneficios con respecto a la losa radiante? Respuesta: El sistema de calefacci\u00f3n por cable radiante ya lo utilic\u00e9 en una vivienda para fin de semana, con excelentes resultados. Tiene la ventaja de [&hellip;]<\/p>\n","protected":false},"author":1,"featured_media":0,"comment_status":"open","ping_status":"open","sticky":false,"template":"","format":"standard","meta":{"footnotes":""},"categories":[1],"tags":[216,289,341],"class_list":["post-110","post","type-post","status-publish","format-standard","hentry","category-consultas","tag-losa-radiante","tag-piso-radiante-por-electricidad","tag-sistema-de-calefaccion"],"views":12829,"_links":{"self":[{"href":"https:\/\/arquitectosve.com.ar\/notas\/wp-json\/wp\/v2\/posts\/110","targetHints":{"allow":["GET"]}}],"collection":[{"href":"https:\/\/arquitectosve.com.ar\/notas\/wp-json\/wp\/v2\/posts"}],"about":[{"href":"https:\/\/arquitectosve.com.ar\/notas\/wp-json\/wp\/v2\/types\/post"}],"author":[{"embeddable":true,"href":"https:\/\/arquitectosve.com.ar\/notas\/wp-json\/wp\/v2\/users\/1"}],"replies":[{"embeddable":true,"href":"https:\/\/arquitectosve.com.ar\/notas\/wp-json\/wp\/v2\/comments?post=110"}],"version-history":[{"count":0,"href":"https:\/\/arquitectosve.com.ar\/notas\/wp-json\/wp\/v2\/posts\/110\/revisions"}],"wp:attachment":[{"href":"https:\/\/arquitectosve.com.ar\/notas\/wp-json\/wp\/v2\/media?parent=110"}],"wp:term":[{"taxonomy":"category","embeddable":true,"href":"https:\/\/arquitectosve.com.ar\/notas\/wp-json\/wp\/v2\/categories?post=110"},{"taxonomy":"post_tag","embeddable":true,"href":"https:\/\/arquitectosve.com.ar\/notas\/wp-json\/wp\/v2\/tags?post=110"}],"curies":[{"name":"wp","href":"https:\/\/api.w.org\/{rel}","templated":true}]}}